{"id":1122148,"date":"2026-03-02T11:42:00","date_gmt":"2026-03-02T10:42:00","guid":{"rendered":"https:\/\/www.lichtenfels.at\/neu\/?p=1122148"},"modified":"2026-03-06T11:47:46","modified_gmt":"2026-03-06T10:47:46","slug":"fairyoungstyria-preis-2025-26-fuer-die-1c-klass","status":"publish","type":"post","link":"https:\/\/www.lichtenfels.at\/neu\/fairyoungstyria-preis-2025-26-fuer-die-1c-klass\/","title":{"rendered":"FairYoungStyria-Preis 2025\/26 f\u00fcr die 1c-Klasse"},"content":{"rendered":"\t\t<div data-elementor-type=\"wp-post\" data-elementor-id=\"1122148\" class=\"elementor elementor-1122148\">\n\t\t\t\t\t\t<section class=\"elementor-section elementor-top-section elementor-element elementor-element-3fc310d3 elementor-section-boxed elementor-section-height-default elementor-section-height-default\" data-id=\"3fc310d3\" data-element_type=\"section\">\n\t\t\t\t\t\t<div class=\"elementor-container elementor-column-gap-default\">\n\t\t\t\t\t<div class=\"elementor-column elementor-col-100 elementor-top-column elementor-element elementor-element-2b034dd0\" data-id=\"2b034dd0\" data-element_type=\"column\">\n\t\t\t<div class=\"elementor-widget-wrap elementor-element-populated\">\n\t\t\t\t\t\t<div class=\"elementor-element elementor-element-495556f2 elementor-widget elementor-widget-text-editor\" data-id=\"495556f2\" data-element_type=\"widget\" data-widget_type=\"text-editor.default\">\n\t\t\t\t<div class=\"elementor-widget-container\">\n\t\t\t<style>\/*! elementor - v3.23.0 - 05-08-2024 *\/\n.elementor-widget-text-editor.elementor-drop-cap-view-stacked .elementor-drop-cap{background-color:#69727d;color:#fff}.elementor-widget-text-editor.elementor-drop-cap-view-framed .elementor-drop-cap{color:#69727d;border:3px solid;background-color:transparent}.elementor-widget-text-editor:not(.elementor-drop-cap-view-default) .elementor-drop-cap{margin-top:8px}.elementor-widget-text-editor:not(.elementor-drop-cap-view-default) .elementor-drop-cap-letter{width:1em;height:1em}.elementor-widget-text-editor .elementor-drop-cap{float:left;text-align:center;line-height:1;font-size:50px}.elementor-widget-text-editor .elementor-drop-cap-letter{display:inline-block}<\/style>\t\t\t\t<p><!-- wp:paragraph --><\/p>\n<p>Wir freuen uns sehr, dass die 1c-Klasse eine von zehn steirischen Schulklassen ist, die mit dem FairYoungStyria-Preis ausgezeichnet worden ist und 500 Euro f\u00fcr die Umsetzung ihres Projekts erhalten hat.<\/p>\n<p><!-- \/wp:paragraph --><\/p>\n<p><!-- wp:quote --><\/p>\n<blockquote class=\"wp-block-quote\">\n<p>Wir sind schon sehr gespannt darauf, was wir voneinander lernen werden.<\/p>\n<p>Wir w\u00fcrden gerne wissen, welche W\u00fcnsche, Tr\u00e4ume und Sorgen peruanische Kinder haben, ob sie \u00e4hnlich sind wie unsere eigenen.<\/p>\n<p>Und gleichzeitig freuen wir uns darauf, neue Dinge kennenzulernen, die bei uns ganz anders sind als in den peruanischen Anden.<\/p>\n<p>\u00a0<\/p>\n<p><cite>Theresa Kratky und Elisa Nocker \u2013 aus der Projektpr\u00e4sentation<\/cite><\/p>\n<\/blockquote>\n<p><!-- \/wp:quote --><\/p>\n<p><!-- wp:paragraph --><\/p>\n<p>\u00a0<\/p>\n<p>Die 1c-Klasse wurde f\u00fcr \u201eBRIDGE \u2013 Building Relationsships in Diverse Global Education\u201c pr\u00e4miert. Dieses Projekt baut eine Br\u00fccke \u00fcber den Ozean hinweg zwischen Kindern aus den Anden in Peru und unseren Kindern. Sie gestalten gemeinsam einen zweisprachigen Kalender sowie eine Pr\u00e4sentation aller Beitr\u00e4ge in einer \u201eGalerie der zwei Welten\u201c, die den Dialog zwischen \u00d6sterreich und Peru sichtbar machen und st\u00e4rken soll. Durch den Verkauf des Kalenders soll die Solidarit\u00e4t mit Peru erfahrbar gemacht werden. Wir f\u00fchren unser Projekt in Kooperation mit der Organisation AufwindPeru durch. 50 Prozent der Einnahmen gehen als Spende an Aufwind Peru und 50 Prozent werden f\u00fcr weitere Projekte an unserer Schule verwendet.<\/p>\n<p><!-- \/wp:paragraph --><\/p>\n<p><!-- wp:image {\"id\":1122279,\"sizeSlug\":\"large\",\"linkDestination\":\"none\"} --><\/p>\n<figure class=\"wp-block-image size-large\"><img fetchpriority=\"high\" width=\"1024\" height=\"683\" class=\"wp-image-1122279\" src=\"https:\/\/www.lichtenfels.at\/wp-content\/uploads\/2026\/03\/Land_20Steiermark-Binder-FairYoungStyria-Preisverleihung-28-1024x683.jpg\" alt=\"\" srcset=\"https:\/\/www.lichtenfels.at\/wp-content\/uploads\/2026\/03\/Land_20Steiermark-Binder-FairYoungStyria-Preisverleihung-28-1024x683.jpg 1024w, https:\/\/www.lichtenfels.at\/wp-content\/uploads\/2026\/03\/Land_20Steiermark-Binder-FairYoungStyria-Preisverleihung-28-300x200.jpg 300w, https:\/\/www.lichtenfels.at\/wp-content\/uploads\/2026\/03\/Land_20Steiermark-Binder-FairYoungStyria-Preisverleihung-28-768x512.jpg 768w, https:\/\/www.lichtenfels.at\/wp-content\/uploads\/2026\/03\/Land_20Steiermark-Binder-FairYoungStyria-Preisverleihung-28-1536x1024.jpg 1536w, https:\/\/www.lichtenfels.at\/wp-content\/uploads\/2026\/03\/Land_20Steiermark-Binder-FairYoungStyria-Preisverleihung-28-2048x1365.jpg 2048w\" sizes=\"(max-width: 1024px) 100vw, 1024px\" \/><\/figure>\n<p><!-- \/wp:image --><\/p>\n<p><!-- wp:image {\"id\":1122320,\"sizeSlug\":\"large\",\"linkDestination\":\"none\"} --><\/p>\n<figure class=\"wp-block-image size-large\"><img width=\"1024\" height=\"683\" class=\"wp-image-1122320\" src=\"https:\/\/www.lichtenfels.at\/wp-content\/uploads\/2026\/03\/LandSteiermark-Binder-FairYoungStyria-Preisverleihung-29-1024x683.jpg\" alt=\"\" srcset=\"https:\/\/www.lichtenfels.at\/wp-content\/uploads\/2026\/03\/LandSteiermark-Binder-FairYoungStyria-Preisverleihung-29-1024x683.jpg 1024w, https:\/\/www.lichtenfels.at\/wp-content\/uploads\/2026\/03\/LandSteiermark-Binder-FairYoungStyria-Preisverleihung-29-300x200.jpg 300w, https:\/\/www.lichtenfels.at\/wp-content\/uploads\/2026\/03\/LandSteiermark-Binder-FairYoungStyria-Preisverleihung-29-768x512.jpg 768w, https:\/\/www.lichtenfels.at\/wp-content\/uploads\/2026\/03\/LandSteiermark-Binder-FairYoungStyria-Preisverleihung-29-1536x1024.jpg 1536w, https:\/\/www.lichtenfels.at\/wp-content\/uploads\/2026\/03\/LandSteiermark-Binder-FairYoungStyria-Preisverleihung-29-2048x1365.jpg 2048w\" sizes=\"(max-width: 1024px) 100vw, 1024px\" \/><\/figure>\n<p><!-- \/wp:image --><\/p>\t\t\t\t\t\t<\/div>\n\t\t\t\t<\/div>\n\t\t\t\t\t<\/div>\n\t\t<\/div>\n\t\t\t\t\t<\/div>\n\t\t<\/section>\n\t\t\t\t<\/div>\n\t\t","protected":false},"excerpt":{"rendered":"<p>Wir freuen uns sehr, dass die 1c-Klasse eine von zehn steirischen Schulklassen ist, die mit dem FairYoungStyria-Preis ausgezeichnet worden ist und 500 Euro f\u00fcr die Umsetzung ihres Projekts erhalten hat.\u2026 <a href=\"https:\/\/www.lichtenfels.at\/neu\/fairyoungstyria-preis-2025-26-fuer-die-1c-klass\/\" class=\"read-more-link\">weiterlesen &rarr;<\/a><\/p>\n","protected":false},"author":27,"featured_media":0,"comment_status":"closed","ping_status":"closed","sticky":false,"template":"","format":"standard","meta":[],"categories":[59,1,75],"tags":[],"_links":{"self":[{"href":"https:\/\/www.lichtenfels.at\/neu\/wp-json\/wp\/v2\/posts\/1122148"}],"collection":[{"href":"https:\/\/www.lichtenfels.at\/neu\/wp-json\/wp\/v2\/posts"}],"about":[{"href":"https:\/\/www.lichtenfels.at\/neu\/wp-json\/wp\/v2\/types\/post"}],"author":[{"embeddable":true,"href":"https:\/\/www.lichtenfels.at\/neu\/wp-json\/wp\/v2\/users\/27"}],"replies":[{"embeddable":true,"href":"https:\/\/www.lichtenfels.at\/neu\/wp-json\/wp\/v2\/comments?post=1122148"}],"version-history":[{"count":5,"href":"https:\/\/www.lichtenfels.at\/neu\/wp-json\/wp\/v2\/posts\/1122148\/revisions"}],"predecessor-version":[{"id":1122545,"href":"https:\/\/www.lichtenfels.at\/neu\/wp-json\/wp\/v2\/posts\/1122148\/revisions\/1122545"}],"wp:attachment":[{"href":"https:\/\/www.lichtenfels.at\/neu\/wp-json\/wp\/v2\/media?parent=1122148"}],"wp:term":[{"taxonomy":"category","embeddable":true,"href":"https:\/\/www.lichtenfels.at\/neu\/wp-json\/wp\/v2\/categories?post=1122148"},{"taxonomy":"post_tag","embeddable":true,"href":"https:\/\/www.lichtenfels.at\/neu\/wp-json\/wp\/v2\/tags?post=1122148"}],"curies":[{"name":"wp","href":"https:\/\/api.w.org\/{rel}","templated":true}]}}